{"id":3271,"date":"2013-02-11T12:02:51","date_gmt":"2013-02-11T10:02:51","guid":{"rendered":"https:\/\/www.paprica.ch\/?p=3271"},"modified":"2014-02-12T14:04:56","modified_gmt":"2014-02-12T12:04:56","slug":"tragerschaft","status":"publish","type":"post","link":"https:\/\/www.paprica.ch\/de\/tragerschaft\/","title":{"rendered":"Tr\u00e4gerschaft"},"content":{"rendered":"<div class=\"wpb-content-wrapper\"><p>[vc_row el_position=&#8220;first&#8220;] [vc_column] [vc_column_text el_position=&#8220;first last&#8220;]<\/p>\n<p>Die Tr\u00e4gerschaft von PAPRICA tr\u00e4gt die inhaltliche Verantwortung f\u00fcr PAPRICA, koordiniert untereinander das weitere Vorgehen wie die Organisation von Fortbildungsveranstaltungen oder das Einreichen von Forschungsgesuchen.<\/p>\n<p>[\/vc_column_text] [\/vc_column] [\/vc_row] [vc_row] [vc_column width=&#8220;1\/3&#8243;] [vc_single_image image=&#8220;3374&#8243; img_size=&#8220;199&#215;95&#8243; img_link=&#8220;http:\/\/www.pmu-lausanne.ch\/&#8220; img_link_target=&#8220;_blank&#8220; el_position=&#8220;first last&#8220;] [\/vc_column] [vc_column width=&#8220;1\/3&#8243;] [vc_single_image image=&#8220;3375&#8243; img_size=&#8220;221&#215;95&#8243; img_link=&#8220;http:\/\/www.lvcv.ch\/&#8220; img_link_target=&#8220;_blank&#8220; el_position=&#8220;first last&#8220;] [\/vc_column] [vc_column width=&#8220;1\/3&#8243;] [vc_single_image image=&#8220;3376&#8243; img_size=&#8220;176&#215;95&#8243; img_link=&#8220;http:\/\/www.uzh.ch\/index.html&#8220; img_link_target=&#8220;_blank&#8220; el_position=&#8220;first last&#8220;] [\/vc_column] [\/vc_row] [vc_row el_position=&#8220;last&#8220;] [vc_column width=&#8220;1\/2&#8243;] [vc_single_image image=&#8220;3378&#8243; img_size=&#8220;250&#215;95&#8243; img_link=&#8220;http:\/\/www.kollegium.ch\/&#8220; img_link_target=&#8220;_blank&#8220; el_position=&#8220;first last&#8220;] [\/vc_column] [vc_column width=&#8220;1\/2&#8243;] [vc_single_image image=&#8220;3379&#8243; img_size=&#8220;124&#215;95&#8243; img_link=&#8220;http:\/\/www.sgsm.ch\/&#8220; img_link_target=&#8220;_blank&#8220; el_position=&#8220;first last&#8220;] [\/vc_column] [\/vc_row]<\/p>\n<\/div>","protected":false},"excerpt":{"rendered":"<p>[vc_row el_position=&#8220;first&#8220;] [vc_column] [vc_column_text el_position=&#8220;first last&#8220;] Die Tr\u00e4gerschaft von PAPRICA tr\u00e4gt die inhaltliche Verantwortung f\u00fcr PAPRICA, koordiniert untereinander das weitere Vorgehen wie die Organisation von Fortbildungsveranstaltungen oder das Einreichen von Forschungsgesuchen. [\/vc_column_text] [\/vc_column] [\/vc_row] [vc_row] [vc_column width=&#8220;1\/3&#8243;] [vc_single_image image=&#8220;3374&#8243; img_size=&#8220;199&#215;95&#8243; img_link=&#8220;http:\/\/www.pmu-lausanne.ch\/&#8220; img_link_target=&#8220;_blank&#8220; el_position=&#8220;first last&#8220;] [\/vc_column] [vc_column width=&#8220;1\/3&#8243;] [vc_single_image image=&#8220;3375&#8243; img_size=&#8220;221&#215;95&#8243; img_link=&#8220;http:\/\/www.lvcv.ch\/&#8220; img_link_target=&#8220;_blank&#8220; el_position=&#8220;first last&#8220;] [\/vc_column] [&hellip;]<\/p>\n","protected":false},"author":31,"featured_media":0,"comment_status":"closed","ping_status":"closed","sticky":false,"template":"","format":"standard","meta":{"_acf_changed":false,"footnotes":""},"categories":[43,128],"tags":[],"class_list":["post-3271","post","type-post","status-publish","format-standard","hentry","category-allgemein_cat","category-tragerschaft"],"acf":[],"_links":{"self":[{"href":"https:\/\/www.paprica.ch\/de\/wp-json\/wp\/v2\/posts\/3271","targetHints":{"allow":["GET"]}}],"collection":[{"href":"https:\/\/www.paprica.ch\/de\/wp-json\/wp\/v2\/posts"}],"about":[{"href":"https:\/\/www.paprica.ch\/de\/wp-json\/wp\/v2\/types\/post"}],"author":[{"embeddable":true,"href":"https:\/\/www.paprica.ch\/de\/wp-json\/wp\/v2\/users\/31"}],"replies":[{"embeddable":true,"href":"https:\/\/www.paprica.ch\/de\/wp-json\/wp\/v2\/comments?post=3271"}],"version-history":[{"count":5,"href":"https:\/\/www.paprica.ch\/de\/wp-json\/wp\/v2\/posts\/3271\/revisions"}],"predecessor-version":[{"id":3383,"href":"https:\/\/www.paprica.ch\/de\/wp-json\/wp\/v2\/posts\/3271\/revisions\/3383"}],"wp:attachment":[{"href":"https:\/\/www.paprica.ch\/de\/wp-json\/wp\/v2\/media?parent=3271"}],"wp:term":[{"taxonomy":"category","embeddable":true,"href":"https:\/\/www.paprica.ch\/de\/wp-json\/wp\/v2\/categories?post=3271"},{"taxonomy":"post_tag","embeddable":true,"href":"https:\/\/www.paprica.ch\/de\/wp-json\/wp\/v2\/tags?post=3271"}],"curies":[{"name":"wp","href":"https:\/\/api.w.org\/{rel}","templated":true}]}}